{"id":1041,"date":"2023-08-03T11:25:58","date_gmt":"2023-08-03T11:25:58","guid":{"rendered":"http:\/\/laczna2.opslaczna.pl\/?p=1041"},"modified":"2023-08-03T11:26:52","modified_gmt":"2023-08-03T11:26:52","slug":"ogloszenie-11","status":"publish","type":"post","link":"https:\/\/opslaczna.pl\/?p=1041","title":{"rendered":"Og\u0142oszenie"},"content":{"rendered":"\t\t<div data-elementor-type=\"wp-post\" data-elementor-id=\"1041\" class=\"elementor elementor-1041\">\n\t\t\t\t\t\t<section class=\"elementor-section elementor-top-section elementor-element elementor-element-453585f elementor-section-boxed elementor-section-height-default elementor-section-height-default\" data-id=\"453585f\" data-element_type=\"section\">\n\t\t\t\t\t\t<div class=\"elementor-container elementor-column-gap-default\">\n\t\t\t\t\t<div class=\"elementor-column elementor-col-100 elementor-top-column elementor-element elementor-element-c09a512\" data-id=\"c09a512\" data-element_type=\"column\">\n\t\t\t<div class=\"elementor-widget-wrap elementor-element-populated\">\n\t\t\t\t\t\t<div class=\"elementor-element elementor-element-7e5deec elementor-widget elementor-widget-text-editor\" data-id=\"7e5deec\" data-element_type=\"widget\" data-widget_type=\"text-editor.default\">\n\t\t\t\t<div class=\"elementor-widget-container\">\n\t\t\t\t\t\t\t\t\t<p style=\"text-align: center;\"><span style=\"color: #ff0000;\"><strong><u>OG\u0141OSZENIE<\/u><\/strong><\/span><\/p><p style=\"text-align: center;\">W\u00f3jt Gminy \u0141\u0105czna oraz Gminny O\u015brodek Pomocy Spo\u0142ecznej w \u0141\u0105cznej informuje, i\u017c osoby zainteresowane uzyskaniem pomocy \u017cywno\u015bciowej realizowanej w ramach\u00a0\u00a0 programu <u>POP\u017b Podprogram 2021 Plus<\/u> (obejmuj\u0105cy 6 artyku\u0142\u00f3w spo\u017cywczych) mog\u0105 zg\u0142asza\u0107 si\u0119 do siedziby<strong> Gminnego O\u015brodka Pomocy Spo\u0142ecznej w \u0141\u0105cznej (Kamionki 60, tel.: 41 25-48-479),<\/strong> wraz z dokumentami potwierdzaj\u0105cymi dochody z miesi\u0105ca poprzedzaj\u0105cego oraz informacj\u0105 o posiadanym gospodarstwie rolnym, <strong>celem uzyskania skierowania.<\/strong><\/p><p style=\"text-align: center;\"><span style=\"color: #ff0000;\"><strong><u>NINIEJSZE OG\u0141OSZENIE NIE DOTYCZY OS\u00d3B, KT\u00d3RE OTRZYMA\u0141Y JU\u017b SKIEROWANIA I \u017bYWNO\u015a\u0106 W 2023 ROKU<\/u><\/strong><\/span><\/p><p style=\"text-align: center;\"><strong>\u00a0<\/strong><\/p><p style=\"text-align: center;\"><strong>KWOTA KRYTERIUM DOCHODOWEGO W POP\u017b WYNOSI:<\/strong><\/p><ul><li style=\"text-align: center;\"><strong>1823,60 z\u0142 dla osoby samotnie gospodaruj\u0105cej<\/strong><\/li><li style=\"text-align: center;\"><strong>1410,00 z\u0142 na osob\u0119 w rodzinie<\/strong><\/li><\/ul>\t\t\t\t\t\t\t\t<\/div>\n\t\t\t\t<\/div>\n\t\t\t\t\t<\/div>\n\t\t<\/div>\n\t\t\t\t\t<\/div>\n\t\t<\/section>\n\t\t\t\t<\/div>\n\t\t","protected":false},"excerpt":{"rendered":"<p>OG\u0141OSZENIE W\u00f3jt Gminy \u0141\u0105czna oraz Gminny O\u015brodek Pomocy Spo\u0142ecznej w \u0141\u0105cznej informuje, i\u017c osoby zainteresowane uzyskaniem pomocy \u017cywno\u015bciowej realizowanej w ramach\u00a0\u00a0 programu POP\u017b Podprogram 2021 Plus (obejmuj\u0105cy 6 artyku\u0142\u00f3w spo\u017cywczych) mog\u0105 zg\u0142asza\u0107 si\u0119 do siedziby Gminnego O\u015brodka Pomocy Spo\u0142ecznej w \u0141\u0105cznej (Kamionki 60, tel.: 41 25-48-479), wraz z dokumentami potwierdzaj\u0105cymi dochody z miesi\u0105ca poprzedzaj\u0105cego oraz &hellip; <\/p>\n","protected":false},"author":2,"featured_media":0,"comment_status":"closed","ping_status":"","sticky":false,"template":"","format":"standard","meta":{"footnotes":""},"categories":[2],"tags":[],"class_list":["post-1041","post","type-post","status-publish","format-standard","hentry","category-aktualnosci"],"_links":{"self":[{"href":"https:\/\/opslaczna.pl\/index.php?rest_route=\/wp\/v2\/posts\/1041","targetHints":{"allow":["GET"]}}],"collection":[{"href":"https:\/\/opslaczna.pl\/index.php?rest_route=\/wp\/v2\/posts"}],"about":[{"href":"https:\/\/opslaczna.pl\/index.php?rest_route=\/wp\/v2\/types\/post"}],"author":[{"embeddable":true,"href":"https:\/\/opslaczna.pl\/index.php?rest_route=\/wp\/v2\/users\/2"}],"replies":[{"embeddable":true,"href":"https:\/\/opslaczna.pl\/index.php?rest_route=%2Fwp%2Fv2%2Fcomments&post=1041"}],"version-history":[{"count":4,"href":"https:\/\/opslaczna.pl\/index.php?rest_route=\/wp\/v2\/posts\/1041\/revisions"}],"predecessor-version":[{"id":1045,"href":"https:\/\/opslaczna.pl\/index.php?rest_route=\/wp\/v2\/posts\/1041\/revisions\/1045"}],"wp:attachment":[{"href":"https:\/\/opslaczna.pl\/index.php?rest_route=%2Fwp%2Fv2%2Fmedia&parent=1041"}],"wp:term":[{"taxonomy":"category","embeddable":true,"href":"https:\/\/opslaczna.pl\/index.php?rest_route=%2Fwp%2Fv2%2Fcategories&post=1041"},{"taxonomy":"post_tag","embeddable":true,"href":"https:\/\/opslaczna.pl\/index.php?rest_route=%2Fwp%2Fv2%2Ftags&post=1041"}],"curies":[{"name":"wp","href":"https:\/\/api.w.org\/{rel}","templated":true}]}}