{"id":1029,"date":"2023-06-30T11:05:08","date_gmt":"2023-06-30T11:05:08","guid":{"rendered":"http:\/\/laczna2.opslaczna.pl\/?p=1029"},"modified":"2023-06-30T11:05:52","modified_gmt":"2023-06-30T11:05:52","slug":"ogloszenie-10","status":"publish","type":"post","link":"https:\/\/opslaczna.pl\/?p=1029","title":{"rendered":"Og\u0142oszenie"},"content":{"rendered":"\t\t<div data-elementor-type=\"wp-post\" data-elementor-id=\"1029\" class=\"elementor elementor-1029\">\n\t\t\t\t\t\t<section class=\"elementor-section elementor-top-section elementor-element elementor-element-5877a05 elementor-section-boxed elementor-section-height-default elementor-section-height-default\" data-id=\"5877a05\" data-element_type=\"section\">\n\t\t\t\t\t\t<div class=\"elementor-container elementor-column-gap-default\">\n\t\t\t\t\t<div class=\"elementor-column elementor-col-100 elementor-top-column elementor-element elementor-element-b3fbcad\" data-id=\"b3fbcad\" data-element_type=\"column\">\n\t\t\t<div class=\"elementor-widget-wrap elementor-element-populated\">\n\t\t\t\t\t\t<div class=\"elementor-element elementor-element-0b79f4c elementor-widget elementor-widget-text-editor\" data-id=\"0b79f4c\" data-element_type=\"widget\" data-widget_type=\"text-editor.default\">\n\t\t\t\t<div class=\"elementor-widget-container\">\n\t\t\t\t\t\t\t\t\t<p class=\"Standard\" style=\"text-align: center; line-height: 150%;\" align=\"center\"><b><span style=\"font-size: 16.0pt; line-height: 150%; color: #ff3333;\">OG\u0141OSZENIE<\/span><\/b><\/p><p class=\"Standard\" style=\"text-align: center; line-height: 150%;\" align=\"center\"><b><span style=\"font-size: 16.0pt; line-height: 150%; color: #ff3333;\">\u00a0<\/span><\/b><\/p><p class=\"Standard\" style=\"text-align: center; line-height: 150%;\" align=\"center\"><b><span style=\"font-size: 16.0pt; line-height: 150%;\">W\u00f3jt Gminy \u0141\u0105czna, Polski Komitet Pomocy Spo\u0142ecznej w \u0141\u0105cznej oraz<\/span><\/b><\/p><p class=\"Standard\" style=\"text-align: center; line-height: 150%;\" align=\"center\"><b><span style=\"font-size: 16.0pt; line-height: 150%;\">Gminny O\u015brodek Pomocy Spo\u0142ecznej w \u0141\u0105cznej informuje, i\u017c:<\/span><\/b><\/p><p class=\"Standard\" style=\"text-align: center; line-height: 150%;\" align=\"center\"><span style=\"font-size: 16.0pt; line-height: 150%;\">\u00a0<\/span><\/p><p class=\"Standard\" style=\"text-align: center; line-height: 150%;\" align=\"center\"><b><u><span style=\"font-size: 16.0pt; line-height: 150%; color: #ff4000;\">wydawanie \u017cywno\u015bci odb\u0119dzie si\u0119 w:<\/span><\/u><\/b><u><\/u><\/p><p class=\"Standard\" style=\"text-align: center; line-height: 150%;\" align=\"center\"><b><u><span style=\"font-size: 16.0pt; line-height: 150%; color: #ff4000;\">sobot\u0119 (08.07.2023 r.) w godzinach: 9.00- 11.00<\/span><\/u><\/b><\/p><p class=\"Standard\" style=\"text-align: center; line-height: 150%;\" align=\"center\"><b><u><span style=\"font-size: 16.0pt; line-height: 150%; color: #ff4000;\"><span style=\"text-decoration: none;\">\u00a0<\/span><\/span><\/u><\/b><\/p><p class=\"Standard\" style=\"text-align: center; line-height: 150%;\" align=\"center\"><b><u><span style=\"font-size: 16.0pt; line-height: 150%; color: black;\">w magazynie przy budynku Poczty w \u0141\u0105cznej.<\/span><\/u><\/b><b><\/b><\/p>\t\t\t\t\t\t\t\t<\/div>\n\t\t\t\t<\/div>\n\t\t\t\t\t<\/div>\n\t\t<\/div>\n\t\t\t\t\t<\/div>\n\t\t<\/section>\n\t\t\t\t<\/div>\n\t\t","protected":false},"excerpt":{"rendered":"<p>OG\u0141OSZENIE \u00a0 W\u00f3jt Gminy \u0141\u0105czna, Polski Komitet Pomocy Spo\u0142ecznej w \u0141\u0105cznej oraz Gminny O\u015brodek Pomocy Spo\u0142ecznej w \u0141\u0105cznej informuje, i\u017c: \u00a0 wydawanie \u017cywno\u015bci odb\u0119dzie si\u0119 w: sobot\u0119 (08.07.2023 r.) w godzinach: 9.00- 11.00 \u00a0 w magazynie przy budynku Poczty w \u0141\u0105cznej.<\/p>\n","protected":false},"author":2,"featured_media":0,"comment_status":"closed","ping_status":"","sticky":false,"template":"","format":"standard","meta":{"footnotes":""},"categories":[2],"tags":[],"class_list":["post-1029","post","type-post","status-publish","format-standard","hentry","category-aktualnosci"],"_links":{"self":[{"href":"https:\/\/opslaczna.pl\/index.php?rest_route=\/wp\/v2\/posts\/1029","targetHints":{"allow":["GET"]}}],"collection":[{"href":"https:\/\/opslaczna.pl\/index.php?rest_route=\/wp\/v2\/posts"}],"about":[{"href":"https:\/\/opslaczna.pl\/index.php?rest_route=\/wp\/v2\/types\/post"}],"author":[{"embeddable":true,"href":"https:\/\/opslaczna.pl\/index.php?rest_route=\/wp\/v2\/users\/2"}],"replies":[{"embeddable":true,"href":"https:\/\/opslaczna.pl\/index.php?rest_route=%2Fwp%2Fv2%2Fcomments&post=1029"}],"version-history":[{"count":4,"href":"https:\/\/opslaczna.pl\/index.php?rest_route=\/wp\/v2\/posts\/1029\/revisions"}],"predecessor-version":[{"id":1033,"href":"https:\/\/opslaczna.pl\/index.php?rest_route=\/wp\/v2\/posts\/1029\/revisions\/1033"}],"wp:attachment":[{"href":"https:\/\/opslaczna.pl\/index.php?rest_route=%2Fwp%2Fv2%2Fmedia&parent=1029"}],"wp:term":[{"taxonomy":"category","embeddable":true,"href":"https:\/\/opslaczna.pl\/index.php?rest_route=%2Fwp%2Fv2%2Fcategories&post=1029"},{"taxonomy":"post_tag","embeddable":true,"href":"https:\/\/opslaczna.pl\/index.php?rest_route=%2Fwp%2Fv2%2Ftags&post=1029"}],"curies":[{"name":"wp","href":"https:\/\/api.w.org\/{rel}","templated":true}]}}